{"id":4514,"date":"2020-03-22T20:36:37","date_gmt":"2020-03-22T20:36:37","guid":{"rendered":"http:\/\/www.radiosonline.net\/ar\/?p=4514"},"modified":"2020-02-16T14:40:06","modified_gmt":"2020-02-16T14:40:06","slug":"senal-urbana","status":"publish","type":"post","link":"http:\/\/www.radiosonline.net\/ar\/2020\/03\/senal-urbana.html","title":{"rendered":"Se\u00f1al Urbana"},"content":{"rendered":"<p>Se\u00f1al Urbana Sitio de escucha de radio en l\u00ednea. Transmisi\u00f3n de radio m\u00f3vil e ininterrumpida de 24 horas.<!--more--><\/p>\n<p><font style=\"overflow: auto; position: absolute; height: 0pt; width: 0pt\"> Ruegan por la desregulaci\u00f3n, como tigres que ruegan que los liberen de la jaula. S\u00ed. Devoran todo a la vista. S\u00ed. Es el nuevo elitismo. S\u00ed. Comienzo a verlo feliz de que me quiera retirar. Usted. Hace varias semanas. .que rezo por una se\u00f1al. No entiendo. Cuando. Cuando recib\u00ed su petici\u00f3n para retirarse como cardenal arzobispo, no pod\u00eda aceptar su pedido hasta que yo hubiera hablado con usted. As\u00ed que debi\u00f3 viajar de Argentina a Roma para verme. Y. Lo que quiero decir es que quiz\u00e1s tuvo que venir para otra cosa. \u00bfComo qu\u00e9? Bueno. He tomado una decisi\u00f3n importante, creo, para la vida y el futuro de la Iglesia. Le pido que lo esconda en su alma y jam\u00e1s se lo cuente a nadie. \u00bfEntiende? Bien. A veces. A veces uno nota peque\u00f1os detalles. Es muy raro. La otra noche, despu\u00e9s de rezar, apagu\u00e9 la vela, y en lugar de subir, el humo descendi\u00f3. Como cuando Dios rechaz\u00f3 la ofrenda de Ca\u00edn. \u00bfUsted nota esas cosas? Compr\u00e9 el pasaje aqu\u00ed antes de que usted pidiera verme. No. S\u00ed. \u00bfCompr\u00f3 el pasaje antes? S\u00ed. Eso me da mucho \u00e1nimo. S\u00ed. Usted es el indicado. Voy a renunciar. El m\u00e1rmol es fr\u00edo. Perd\u00f3n, \u00bfel indicado para qu\u00e9? Para comunicarlo. \u00bfComunicar qu\u00e9 cosa? Lo que acabo de decir. Voy a renunciar. \u00bfRenunciar a qu\u00e9? Al Papado. A la silla de san Pedro. A la di\u00f3cesis de Roma. Renunciar\u00e9 a todo eso. Pero no puede. Usted. Usted. Usted ya no ser\u00eda el Papa. No. El Papa no puede renunciar. Pero hay precedente. Celestino V renunci\u00f3 en . \u00bfNo lo sab\u00eda? Santo Padre, \u00bfcree que la gente no se sorprender\u00e1 porque esto ya sucedi\u00f3 hace  a\u00f1os? Bueno. Vine a que me firmara un papel. Lo s\u00e9. Ahora sabe por qu\u00e9 no pod\u00eda permitir que se retirara. Habr\u00e1 otro c\u00f3nclave. Es importante que est\u00e9 ah\u00ed. Santo Padre, no debe hacer esto. No puede hacer esto. \u00bfPor qu\u00e9 no? \u00bfPor qu\u00e9 vienen a verlo los presidentes de Estados Unidos, Rusia y China? Porque a diferencia de ellos, su autoridad viene del hecho de que sufrir\u00e1 y morir\u00e1 en su trabajo. S\u00ed. Un m\u00e1rtir de la justicia y la verdad. Por eso vienen a verlo. Disc\u00falpeme, pero. \u00bfPero? Cristo no descendi\u00f3 de la cruz. Dios siempre le concede las palabras correctas. No, el Papa sigue por siempre.  <\/font><br \/>\n<b>Tel\u00e9fono:<\/b> (54) 2223506889 &nbsp;<br \/>\n<b>Email:<\/b> <a href=\"mailto:contacto@urbana98.com\">contacto@urbana98.com<\/a> &nbsp; <\/p><button class=\"simplefavorite-button\" data-postid=\"4514\" data-siteid=\"2\" data-groupid=\"1\" data-favoritecount=\"0\" style=\"\">Favorite <i class=\"sf-icon-star-empty\"><\/i><\/button>","protected":false},"excerpt":{"rendered":"<p>Se\u00f1al Urbana 98.9 MHz FM, Ver\u00f3nica, Argentina &#8211; escuchar radio online gratis en <b>Radiosonline.net<\/b><\/p>\n","protected":false},"author":1,"featured_media":4515,"comment_status":"open","ping_status":"closed","sticky":false,"template":"","format":"standard","meta":{"footnotes":""},"categories":[3,12,219],"tags":[],"_links":{"self":[{"href":"http:\/\/www.radiosonline.net\/ar\/wp-json\/wp\/v2\/posts\/4514"}],"collection":[{"href":"http:\/\/www.radiosonline.net\/ar\/wp-json\/wp\/v2\/posts"}],"about":[{"href":"http:\/\/www.radiosonline.net\/ar\/wp-json\/wp\/v2\/types\/post"}],"author":[{"embeddable":true,"href":"http:\/\/www.radiosonline.net\/ar\/wp-json\/wp\/v2\/users\/1"}],"replies":[{"embeddable":true,"href":"http:\/\/www.radiosonline.net\/ar\/wp-json\/wp\/v2\/comments?post=4514"}],"version-history":[{"count":1,"href":"http:\/\/www.radiosonline.net\/ar\/wp-json\/wp\/v2\/posts\/4514\/revisions"}],"predecessor-version":[{"id":5613,"href":"http:\/\/www.radiosonline.net\/ar\/wp-json\/wp\/v2\/posts\/4514\/revisions\/5613"}],"wp:featuredmedia":[{"embeddable":true,"href":"http:\/\/www.radiosonline.net\/ar\/wp-json\/wp\/v2\/media\/4515"}],"wp:attachment":[{"href":"http:\/\/www.radiosonline.net\/ar\/wp-json\/wp\/v2\/media?parent=4514"}],"wp:term":[{"taxonomy":"category","embeddable":true,"href":"http:\/\/www.radiosonline.net\/ar\/wp-json\/wp\/v2\/categories?post=4514"},{"taxonomy":"post_tag","embeddable":true,"href":"http:\/\/www.radiosonline.net\/ar\/wp-json\/wp\/v2\/tags?post=4514"}],"curies":[{"name":"wp","href":"https:\/\/api.w.org\/{rel}","templated":true}]}}